{"id":2862,"date":"2018-11-30T12:00:30","date_gmt":"2018-11-30T12:00:30","guid":{"rendered":"http:\/\/sh-pro102.teste.website\/~quali640\/br\/?p=2862"},"modified":"2019-08-16T17:32:29","modified_gmt":"2019-08-16T17:32:29","slug":"consumerismo-x-consumismo","status":"publish","type":"post","link":"https:\/\/qualitacomunicacao.com\/br\/consumerismo-x-consumismo\/","title":{"rendered":"Consumerismo \u00e9 muito diferente de consumismo"},"content":{"rendered":"<p>Muitos economistas apontam o consumismo exagerado como um dos vil\u00f5es do capitalismo. Segundo essa vis\u00e3o, \u00e9 preciso que as pessoas sejam mais conscientes em suas escolhas de consumo. Diante dos severos problemas ambientais que a Terra enfrenta, n\u00e3o \u00e9 dif\u00edcil entender por que este pensamento ganha adeptos diariamente. Um conceito que se fortalece neste contexto \u00e9 o <strong>Consumerismo<\/strong>. Quem se depara com o termo pela primeira vez pode pensar que a pessoa quis dizer consumismo. Longe disso. O consumerismo surge justamente diante da necessidade de buscar caminhos que promovam o consumo consciente.<\/p>\n<h2>A consci\u00eancia como salva\u00e7\u00e3o<\/h2>\n<p>A defini\u00e7\u00e3o de consumerismo \u00e9 bastante abrangente, mas, em linhas gerais, esse conceito representa o consumo consciente. A\u00e7\u00f5es dos mais diversos tipos buscam uma maior consci\u00eancia no ato de consumir. O que elas t\u00eam em comum? A preocupa\u00e7\u00e3o com os impactos ambientais e sociais causados pelo consumo. Isso vai desde a preocupa\u00e7\u00e3o com o destino dos res\u00edduos at\u00e9 o cuidado para n\u00e3o comprar produtos de marcas que desrespeitam direitos trabalhistas.\u00a0<a href=\"http:\/\/sh-pro102.teste.website\/~quali640\/br\/wp-content\/uploads\/2016\/09\/46573057_l.jpg\"><img fetchpriority=\"high\" decoding=\"async\" class=\"size-medium wp-image-2863 alignright\" src=\"http:\/\/sh-pro102.teste.website\/~quali640\/br\/wp-content\/uploads\/2016\/09\/46573057_l-300x300.jpg\" alt=\"Consumerismo\" width=\"300\" height=\"300\" srcset=\"https:\/\/qualitacomunicacao.com\/br\/wp-content\/uploads\/2016\/09\/46573057_l-150x150.jpg 150w, https:\/\/qualitacomunicacao.com\/br\/wp-content\/uploads\/2016\/09\/46573057_l-300x300.jpg 300w, https:\/\/qualitacomunicacao.com\/br\/wp-content\/uploads\/2016\/09\/46573057_l-768x768.jpg 768w, https:\/\/qualitacomunicacao.com\/br\/wp-content\/uploads\/2016\/09\/46573057_l-1024x1024.jpg 1024w, https:\/\/qualitacomunicacao.com\/br\/wp-content\/uploads\/2016\/09\/46573057_l.jpg 2048w\" sizes=\"(max-width: 300px) 100vw, 300px\" \/><\/a><\/p>\n<p>O ideal do consumidor consciente \u00e9 uma resposta \u00e0 crise que o capitalismo enfrenta. Ela se d\u00e1 sobretudo em duas vertentes: a degrada\u00e7\u00e3o do meio ambiente e a galopante desigualdade social. A situa\u00e7\u00e3o limite que o planeta vive \u00e9 resultado, em grande parte, do outro conceito que aparece no t\u00edtulo deste artigo. Foi justamente o consumismo que acentuou os impactos ambientais e sociais do capitalismo e colocou sua continuidade em xeque.<\/p>\n<p>O consumerismo se apresenta como alternativa para que o capitalismo siga existindo sem esgotar os recursos naturais da Terra.<\/p>\n<h2>Como o consumerismo se d\u00e1 na pr\u00e1tica<\/h2>\n<p>O consumo consciente pode aparecer de diferentes formas, em maior e menor grau.<\/p>\n<ul>\n<li>As pessoas devem se preocupar com os impactos de suas decis\u00f5es de consumo, levando em considera\u00e7\u00e3o fatores como desenvolvimento social e preserva\u00e7\u00e3o ambiental;<\/li>\n<li>Iniciativas de empresas que ofere\u00e7am solu\u00e7\u00f5es em prol do meio ambiente. Um bom exemplo \u00e9 o <strong>Uber<\/strong>, que inibe o uso do carro pr\u00f3prio (transporte individual motorizado) e sugere, ainda, o servi\u00e7o de carro compartilhado;<\/li>\n<li>Leis que promovam a\u00e7\u00f5es mais sustent\u00e1veis, tanto no \u00e2mbito individual, quanto empresarial. Incentivo \u00e0 reciclagem e ao uso de luz solar s\u00e3o dois bons exemplos;<\/li>\n<li>Os governos tamb\u00e9m podem contribuir com puni\u00e7\u00f5es severas a empresas que desrespeitam direitos trabalhistas. Isso faz com que as companhias tratem melhor seus colaboradores e inibe o aparecimento de outras empresas que veem os direitos trabalhistas com descaso;<\/li>\n<\/ul>\n<h2>A import\u00e2ncia de uma a\u00e7\u00e3o coordenada<\/h2>\n<p>Uma das bandeiras do consumerismo \u00e9 a necessidade de uma a\u00e7\u00e3o coordenada para que o resultado seja real. N\u00e3o basta que as pessoas busquem o consumo consciente se empresas e governos seguirem trabalhando no modelo tradicional. A iniciativa individual tem grande valor, mas \u00e9 preciso que os \u201cpeixes grandes\u201d nadem no mesmo sentido.<\/p>\n<p>Quer um exemplo?<\/p>\n<p>Imagine que as pessoas queiram consumir produtos ecoamig\u00e1veis, mas o governo n\u00e3o d\u00ea qualquer incentivo para empresas que adotam pr\u00e1ticas sustent\u00e1veis. A tend\u00eancia \u00e9 que o pre\u00e7o elevado afaste muitos consumidores que gostariam de comprar aqueles produtos. Por outro lado, se o governo adotar leis mais r\u00edgidas sobre impacto ambiental, naturalmente mais empresas v\u00e3o rever suas linhas de produ\u00e7\u00e3o. Por conta disso, uma a\u00e7\u00e3o coordenada \u00e9 fundamental para o \u00eaxito do consumerismo.<\/p>\n","protected":false},"excerpt":{"rendered":"<p>Muitos economistas apontam o consumismo exagerado como um dos vil\u00f5es [&hellip;]<\/p>\n","protected":false},"author":1,"featured_media":2863,"comment_status":"closed","ping_status":"closed","sticky":false,"template":"","format":"standard","meta":{"footnotes":""},"categories":[4],"tags":[],"class_list":["post-2862","post","type-post","status-publish","format-standard","has-post-thumbnail","hentry","category-conteudo"],"yoast_head":"<!-- This site is optimized with the Yoast SEO plugin v27.5 - https:\/\/yoast.com\/product\/yoast-seo-wordpress\/ -->\n<title>Consumerismo \u00e9 muito diferente de consumismo - Qualit\u00e0 Comunica\u00e7\u00e3o<\/title>\n<meta name=\"description\" content=\"O consumismo exagerado \u00e9 um dos vil\u00f5es do capitalismo. A solu\u00e7\u00e3o para este problema atende pelo nome de consumerismo. Entenda este conceito.\" \/>\n<meta name=\"robots\" content=\"index, follow, max-snippet:-1, max-image-preview:large, max-video-preview:-1\" \/>\n<link rel=\"canonical\" href=\"https:\/\/qualitacomunicacao.com\/br\/consumerismo-x-consumismo\/\" \/>\n<meta property=\"og:locale\" content=\"pt_BR\" \/>\n<meta property=\"og:type\" content=\"article\" \/>\n<meta property=\"og:title\" content=\"Consumerismo \u00e9 muito diferente de consumismo - Qualit\u00e0 Comunica\u00e7\u00e3o\" \/>\n<meta property=\"og:description\" content=\"O consumismo exagerado \u00e9 um dos vil\u00f5es do capitalismo. A solu\u00e7\u00e3o para este problema atende pelo nome de consumerismo. Entenda este conceito.\" \/>\n<meta property=\"og:url\" content=\"https:\/\/qualitacomunicacao.com\/br\/consumerismo-x-consumismo\/\" \/>\n<meta property=\"og:site_name\" content=\"Qualit\u00e0 Comunica\u00e7\u00e3o\" \/>\n<meta property=\"article:published_time\" content=\"2018-11-30T12:00:30+00:00\" \/>\n<meta property=\"article:modified_time\" content=\"2019-08-16T17:32:29+00:00\" \/>\n<meta property=\"og:image\" content=\"https:\/\/qualitacomunicacao.com\/br\/wp-content\/uploads\/2016\/09\/46573057_l.jpg\" \/>\n\t<meta property=\"og:image:width\" content=\"2048\" \/>\n\t<meta property=\"og:image:height\" content=\"2048\" \/>\n\t<meta property=\"og:image:type\" content=\"image\/jpeg\" \/>\n<meta name=\"author\" content=\"romano\" \/>\n<meta name=\"twitter:card\" content=\"summary_large_image\" \/>\n<meta name=\"twitter:label1\" content=\"Escrito por\" \/>\n\t<meta name=\"twitter:data1\" content=\"romano\" \/>\n\t<meta name=\"twitter:label2\" content=\"Est. tempo de leitura\" \/>\n\t<meta name=\"twitter:data2\" content=\"3 minutos\" \/>\n<script type=\"application\/ld+json\" class=\"yoast-schema-graph\">{\"@context\":\"https:\\\/\\\/schema.org\",\"@graph\":[{\"@type\":\"Article\",\"@id\":\"https:\\\/\\\/qualitacomunicacao.com\\\/br\\\/consumerismo-x-consumismo\\\/#article\",\"isPartOf\":{\"@id\":\"https:\\\/\\\/qualitacomunicacao.com\\\/br\\\/consumerismo-x-consumismo\\\/\"},\"author\":{\"name\":\"romano\",\"@id\":\"https:\\\/\\\/qualitacomunicacao.com\\\/br\\\/#\\\/schema\\\/person\\\/b9b4b91b9e561dd43c832ec78023e522\"},\"headline\":\"Consumerismo \u00e9 muito diferente de consumismo\",\"datePublished\":\"2018-11-30T12:00:30+00:00\",\"dateModified\":\"2019-08-16T17:32:29+00:00\",\"mainEntityOfPage\":{\"@id\":\"https:\\\/\\\/qualitacomunicacao.com\\\/br\\\/consumerismo-x-consumismo\\\/\"},\"wordCount\":567,\"image\":{\"@id\":\"https:\\\/\\\/qualitacomunicacao.com\\\/br\\\/consumerismo-x-consumismo\\\/#primaryimage\"},\"thumbnailUrl\":\"https:\\\/\\\/qualitacomunicacao.com\\\/br\\\/wp-content\\\/uploads\\\/2016\\\/09\\\/46573057_l.jpg\",\"articleSection\":[\"Conte\u00fado\"],\"inLanguage\":\"pt-BR\"},{\"@type\":\"WebPage\",\"@id\":\"https:\\\/\\\/qualitacomunicacao.com\\\/br\\\/consumerismo-x-consumismo\\\/\",\"url\":\"https:\\\/\\\/qualitacomunicacao.com\\\/br\\\/consumerismo-x-consumismo\\\/\",\"name\":\"Consumerismo \u00e9 muito diferente de consumismo - Qualit\u00e0 Comunica\u00e7\u00e3o\",\"isPartOf\":{\"@id\":\"https:\\\/\\\/qualitacomunicacao.com\\\/br\\\/#website\"},\"primaryImageOfPage\":{\"@id\":\"https:\\\/\\\/qualitacomunicacao.com\\\/br\\\/consumerismo-x-consumismo\\\/#primaryimage\"},\"image\":{\"@id\":\"https:\\\/\\\/qualitacomunicacao.com\\\/br\\\/consumerismo-x-consumismo\\\/#primaryimage\"},\"thumbnailUrl\":\"https:\\\/\\\/qualitacomunicacao.com\\\/br\\\/wp-content\\\/uploads\\\/2016\\\/09\\\/46573057_l.jpg\",\"datePublished\":\"2018-11-30T12:00:30+00:00\",\"dateModified\":\"2019-08-16T17:32:29+00:00\",\"author\":{\"@id\":\"https:\\\/\\\/qualitacomunicacao.com\\\/br\\\/#\\\/schema\\\/person\\\/b9b4b91b9e561dd43c832ec78023e522\"},\"description\":\"O consumismo exagerado \u00e9 um dos vil\u00f5es do capitalismo. A solu\u00e7\u00e3o para este problema atende pelo nome de consumerismo. Entenda este conceito.\",\"breadcrumb\":{\"@id\":\"https:\\\/\\\/qualitacomunicacao.com\\\/br\\\/consumerismo-x-consumismo\\\/#breadcrumb\"},\"inLanguage\":\"pt-BR\",\"potentialAction\":[{\"@type\":\"ReadAction\",\"target\":[\"https:\\\/\\\/qualitacomunicacao.com\\\/br\\\/consumerismo-x-consumismo\\\/\"]}]},{\"@type\":\"ImageObject\",\"inLanguage\":\"pt-BR\",\"@id\":\"https:\\\/\\\/qualitacomunicacao.com\\\/br\\\/consumerismo-x-consumismo\\\/#primaryimage\",\"url\":\"https:\\\/\\\/qualitacomunicacao.com\\\/br\\\/wp-content\\\/uploads\\\/2016\\\/09\\\/46573057_l.jpg\",\"contentUrl\":\"https:\\\/\\\/qualitacomunicacao.com\\\/br\\\/wp-content\\\/uploads\\\/2016\\\/09\\\/46573057_l.jpg\",\"width\":2048,\"height\":2048,\"caption\":\"Consumerismo\"},{\"@type\":\"BreadcrumbList\",\"@id\":\"https:\\\/\\\/qualitacomunicacao.com\\\/br\\\/consumerismo-x-consumismo\\\/#breadcrumb\",\"itemListElement\":[{\"@type\":\"ListItem\",\"position\":1,\"name\":\"In\u00edcio\",\"item\":\"https:\\\/\\\/qualitacomunicacao.com\\\/br\\\/\"},{\"@type\":\"ListItem\",\"position\":2,\"name\":\"Consumerismo \u00e9 muito diferente de consumismo\"}]},{\"@type\":\"WebSite\",\"@id\":\"https:\\\/\\\/qualitacomunicacao.com\\\/br\\\/#website\",\"url\":\"https:\\\/\\\/qualitacomunicacao.com\\\/br\\\/\",\"name\":\"Qualit\u00e0 Comunica\u00e7\u00e3o\",\"description\":\"\",\"potentialAction\":[{\"@type\":\"SearchAction\",\"target\":{\"@type\":\"EntryPoint\",\"urlTemplate\":\"https:\\\/\\\/qualitacomunicacao.com\\\/br\\\/?s={search_term_string}\"},\"query-input\":{\"@type\":\"PropertyValueSpecification\",\"valueRequired\":true,\"valueName\":\"search_term_string\"}}],\"inLanguage\":\"pt-BR\"},{\"@type\":\"Person\",\"@id\":\"https:\\\/\\\/qualitacomunicacao.com\\\/br\\\/#\\\/schema\\\/person\\\/b9b4b91b9e561dd43c832ec78023e522\",\"name\":\"romano\",\"image\":{\"@type\":\"ImageObject\",\"inLanguage\":\"pt-BR\",\"@id\":\"https:\\\/\\\/secure.gravatar.com\\\/avatar\\\/7f088affeb471ea1c34bd2d9d4cdfb79bcdc7efbcf0f05d2c46420f2dedafb09?s=96&d=mm&r=g\",\"url\":\"https:\\\/\\\/secure.gravatar.com\\\/avatar\\\/7f088affeb471ea1c34bd2d9d4cdfb79bcdc7efbcf0f05d2c46420f2dedafb09?s=96&d=mm&r=g\",\"contentUrl\":\"https:\\\/\\\/secure.gravatar.com\\\/avatar\\\/7f088affeb471ea1c34bd2d9d4cdfb79bcdc7efbcf0f05d2c46420f2dedafb09?s=96&d=mm&r=g\",\"caption\":\"romano\"},\"url\":\"https:\\\/\\\/qualitacomunicacao.com\\\/br\\\/author\\\/romano\\\/\"}]}<\/script>\n<!-- \/ Yoast SEO plugin. -->","yoast_head_json":{"title":"Consumerismo \u00e9 muito diferente de consumismo - Qualit\u00e0 Comunica\u00e7\u00e3o","description":"O consumismo exagerado \u00e9 um dos vil\u00f5es do capitalismo. A solu\u00e7\u00e3o para este problema atende pelo nome de consumerismo. Entenda este conceito.","robots":{"index":"index","follow":"follow","max-snippet":"max-snippet:-1","max-image-preview":"max-image-preview:large","max-video-preview":"max-video-preview:-1"},"canonical":"https:\/\/qualitacomunicacao.com\/br\/consumerismo-x-consumismo\/","og_locale":"pt_BR","og_type":"article","og_title":"Consumerismo \u00e9 muito diferente de consumismo - Qualit\u00e0 Comunica\u00e7\u00e3o","og_description":"O consumismo exagerado \u00e9 um dos vil\u00f5es do capitalismo. A solu\u00e7\u00e3o para este problema atende pelo nome de consumerismo. Entenda este conceito.","og_url":"https:\/\/qualitacomunicacao.com\/br\/consumerismo-x-consumismo\/","og_site_name":"Qualit\u00e0 Comunica\u00e7\u00e3o","article_published_time":"2018-11-30T12:00:30+00:00","article_modified_time":"2019-08-16T17:32:29+00:00","og_image":[{"width":2048,"height":2048,"url":"https:\/\/qualitacomunicacao.com\/br\/wp-content\/uploads\/2016\/09\/46573057_l.jpg","type":"image\/jpeg"}],"author":"romano","twitter_card":"summary_large_image","twitter_misc":{"Escrito por":"romano","Est. tempo de leitura":"3 minutos"},"schema":{"@context":"https:\/\/schema.org","@graph":[{"@type":"Article","@id":"https:\/\/qualitacomunicacao.com\/br\/consumerismo-x-consumismo\/#article","isPartOf":{"@id":"https:\/\/qualitacomunicacao.com\/br\/consumerismo-x-consumismo\/"},"author":{"name":"romano","@id":"https:\/\/qualitacomunicacao.com\/br\/#\/schema\/person\/b9b4b91b9e561dd43c832ec78023e522"},"headline":"Consumerismo \u00e9 muito diferente de consumismo","datePublished":"2018-11-30T12:00:30+00:00","dateModified":"2019-08-16T17:32:29+00:00","mainEntityOfPage":{"@id":"https:\/\/qualitacomunicacao.com\/br\/consumerismo-x-consumismo\/"},"wordCount":567,"image":{"@id":"https:\/\/qualitacomunicacao.com\/br\/consumerismo-x-consumismo\/#primaryimage"},"thumbnailUrl":"https:\/\/qualitacomunicacao.com\/br\/wp-content\/uploads\/2016\/09\/46573057_l.jpg","articleSection":["Conte\u00fado"],"inLanguage":"pt-BR"},{"@type":"WebPage","@id":"https:\/\/qualitacomunicacao.com\/br\/consumerismo-x-consumismo\/","url":"https:\/\/qualitacomunicacao.com\/br\/consumerismo-x-consumismo\/","name":"Consumerismo \u00e9 muito diferente de consumismo - Qualit\u00e0 Comunica\u00e7\u00e3o","isPartOf":{"@id":"https:\/\/qualitacomunicacao.com\/br\/#website"},"primaryImageOfPage":{"@id":"https:\/\/qualitacomunicacao.com\/br\/consumerismo-x-consumismo\/#primaryimage"},"image":{"@id":"https:\/\/qualitacomunicacao.com\/br\/consumerismo-x-consumismo\/#primaryimage"},"thumbnailUrl":"https:\/\/qualitacomunicacao.com\/br\/wp-content\/uploads\/2016\/09\/46573057_l.jpg","datePublished":"2018-11-30T12:00:30+00:00","dateModified":"2019-08-16T17:32:29+00:00","author":{"@id":"https:\/\/qualitacomunicacao.com\/br\/#\/schema\/person\/b9b4b91b9e561dd43c832ec78023e522"},"description":"O consumismo exagerado \u00e9 um dos vil\u00f5es do capitalismo. A solu\u00e7\u00e3o para este problema atende pelo nome de consumerismo. Entenda este conceito.","breadcrumb":{"@id":"https:\/\/qualitacomunicacao.com\/br\/consumerismo-x-consumismo\/#breadcrumb"},"inLanguage":"pt-BR","potentialAction":[{"@type":"ReadAction","target":["https:\/\/qualitacomunicacao.com\/br\/consumerismo-x-consumismo\/"]}]},{"@type":"ImageObject","inLanguage":"pt-BR","@id":"https:\/\/qualitacomunicacao.com\/br\/consumerismo-x-consumismo\/#primaryimage","url":"https:\/\/qualitacomunicacao.com\/br\/wp-content\/uploads\/2016\/09\/46573057_l.jpg","contentUrl":"https:\/\/qualitacomunicacao.com\/br\/wp-content\/uploads\/2016\/09\/46573057_l.jpg","width":2048,"height":2048,"caption":"Consumerismo"},{"@type":"BreadcrumbList","@id":"https:\/\/qualitacomunicacao.com\/br\/consumerismo-x-consumismo\/#breadcrumb","itemListElement":[{"@type":"ListItem","position":1,"name":"In\u00edcio","item":"https:\/\/qualitacomunicacao.com\/br\/"},{"@type":"ListItem","position":2,"name":"Consumerismo \u00e9 muito diferente de consumismo"}]},{"@type":"WebSite","@id":"https:\/\/qualitacomunicacao.com\/br\/#website","url":"https:\/\/qualitacomunicacao.com\/br\/","name":"Qualit\u00e0 Comunica\u00e7\u00e3o","description":"","potentialAction":[{"@type":"SearchAction","target":{"@type":"EntryPoint","urlTemplate":"https:\/\/qualitacomunicacao.com\/br\/?s={search_term_string}"},"query-input":{"@type":"PropertyValueSpecification","valueRequired":true,"valueName":"search_term_string"}}],"inLanguage":"pt-BR"},{"@type":"Person","@id":"https:\/\/qualitacomunicacao.com\/br\/#\/schema\/person\/b9b4b91b9e561dd43c832ec78023e522","name":"romano","image":{"@type":"ImageObject","inLanguage":"pt-BR","@id":"https:\/\/secure.gravatar.com\/avatar\/7f088affeb471ea1c34bd2d9d4cdfb79bcdc7efbcf0f05d2c46420f2dedafb09?s=96&d=mm&r=g","url":"https:\/\/secure.gravatar.com\/avatar\/7f088affeb471ea1c34bd2d9d4cdfb79bcdc7efbcf0f05d2c46420f2dedafb09?s=96&d=mm&r=g","contentUrl":"https:\/\/secure.gravatar.com\/avatar\/7f088affeb471ea1c34bd2d9d4cdfb79bcdc7efbcf0f05d2c46420f2dedafb09?s=96&d=mm&r=g","caption":"romano"},"url":"https:\/\/qualitacomunicacao.com\/br\/author\/romano\/"}]}},"_links":{"self":[{"href":"https:\/\/qualitacomunicacao.com\/br\/wp-json\/wp\/v2\/posts\/2862","targetHints":{"allow":["GET"]}}],"collection":[{"href":"https:\/\/qualitacomunicacao.com\/br\/wp-json\/wp\/v2\/posts"}],"about":[{"href":"https:\/\/qualitacomunicacao.com\/br\/wp-json\/wp\/v2\/types\/post"}],"author":[{"embeddable":true,"href":"https:\/\/qualitacomunicacao.com\/br\/wp-json\/wp\/v2\/users\/1"}],"replies":[{"embeddable":true,"href":"https:\/\/qualitacomunicacao.com\/br\/wp-json\/wp\/v2\/comments?post=2862"}],"version-history":[{"count":1,"href":"https:\/\/qualitacomunicacao.com\/br\/wp-json\/wp\/v2\/posts\/2862\/revisions"}],"predecessor-version":[{"id":3805,"href":"https:\/\/qualitacomunicacao.com\/br\/wp-json\/wp\/v2\/posts\/2862\/revisions\/3805"}],"wp:featuredmedia":[{"embeddable":true,"href":"https:\/\/qualitacomunicacao.com\/br\/wp-json\/wp\/v2\/media\/2863"}],"wp:attachment":[{"href":"https:\/\/qualitacomunicacao.com\/br\/wp-json\/wp\/v2\/media?parent=2862"}],"wp:term":[{"taxonomy":"category","embeddable":true,"href":"https:\/\/qualitacomunicacao.com\/br\/wp-json\/wp\/v2\/categories?post=2862"},{"taxonomy":"post_tag","embeddable":true,"href":"https:\/\/qualitacomunicacao.com\/br\/wp-json\/wp\/v2\/tags?post=2862"}],"curies":[{"name":"wp","href":"https:\/\/api.w.org\/{rel}","templated":true}]}}